{"id":43740,"date":"2026-03-16T19:53:31","date_gmt":"2026-03-16T18:53:31","guid":{"rendered":"https:\/\/gertuago.eus\/?p=43740"},"modified":"2026-03-16T19:53:31","modified_gmt":"2026-03-16T18:53:31","slug":"m17-huelga-general","status":"publish","type":"post","link":"https:\/\/gertuago.eus\/es\/m17-huelga-general\/","title":{"rendered":"M17 HUELGA GENERAL"},"content":{"rendered":"<p>Algunos establecimientos de Hurbilago se sumar\u00e1n a la huelga general del 17 de marzo, por lo que sus establecimientos permanecer\u00e1n cerrados durante todo el d\u00eda.<\/p>\n<p>La principal reivindicaci\u00f3n de la huelga es el establecimiento de un Salario M\u00ednimo Interprofesional (SMI) propio, con un m\u00ednimo de 1.500 euros. Actualmente, el que hay en el Estado Espa\u00f1ol ronda los 1.184 euros, y los sindicatos dicen que no corresponde a la realidad econ\u00f3mica de Hego Euskal Herria.<\/p>\n<p>Organiza tus compras con antelaci\u00f3n, \u00a1compra en el comercio local!<\/p>\n","protected":false},"excerpt":{"rendered":"<p>Algunos establecimientos de Hurbilago se sumar\u00e1n a la huelga general del 17 de marzo, por lo que sus establecimientos permanecer\u00e1n cerrados durante todo el d\u00eda. La principal reivindicaci\u00f3n de la huelga es el establecimiento de un Salario M\u00ednimo Interprofesional (SMI) propio, con un m\u00ednimo de 1.500 euros. Actualmente, el que hay en el Estado Espa\u00f1ol&#8230;<\/p>\n","protected":false},"author":831,"featured_media":43741,"comment_status":"closed","ping_status":"closed","sticky":false,"template":"","format":"standard","meta":{"_acf_changed":false,"footnotes":""},"categories":[22],"tags":[],"class_list":["post-43740","post","type-post","status-publish","format-standard","has-post-thumbnail","hentry","category-sin-categorizar"],"acf":[],"yoast_head":"<!-- This site is optimized with the Yoast SEO plugin v26.7 - https:\/\/yoast.com\/wordpress\/plugins\/seo\/ -->\n<title>M17 HUELGA GENERAL - Gertuago<\/title>\n<meta name=\"robots\" content=\"index, follow, max-snippet:-1, max-image-preview:large, max-video-preview:-1\" \/>\n<link rel=\"canonical\" href=\"https:\/\/gertuago.eus\/es\/m17-huelga-general\/\" \/>\n<meta property=\"og:locale\" content=\"es_ES\" \/>\n<meta property=\"og:type\" content=\"article\" \/>\n<meta property=\"og:title\" content=\"M17 HUELGA GENERAL - Gertuago\" \/>\n<meta property=\"og:description\" content=\"Algunos establecimientos de Hurbilago se sumar\u00e1n a la huelga general del 17 de marzo, por lo que sus establecimientos permanecer\u00e1n cerrados durante todo el d\u00eda. La principal reivindicaci\u00f3n de la huelga es el establecimiento de un Salario M\u00ednimo Interprofesional (SMI) propio, con un m\u00ednimo de 1.500 euros. Actualmente, el que hay en el Estado Espa\u00f1ol...\" \/>\n<meta property=\"og:url\" content=\"https:\/\/gertuago.eus\/es\/m17-huelga-general\/\" \/>\n<meta property=\"og:site_name\" content=\"Gertuago\" \/>\n<meta property=\"article:published_time\" content=\"2026-03-16T18:53:31+00:00\" \/>\n<meta property=\"og:image\" content=\"https:\/\/gertuago.eus\/wp-content\/uploads\/2026\/03\/M17_WEB_LAUKIA-1024x1024.jpg\" \/>\n\t<meta property=\"og:image:width\" content=\"1024\" \/>\n\t<meta property=\"og:image:height\" content=\"1024\" \/>\n\t<meta property=\"og:image:type\" content=\"image\/jpeg\" \/>\n<meta name=\"author\" content=\"Malen Aierbe\" \/>\n<meta name=\"twitter:card\" content=\"summary_large_image\" \/>\n<meta name=\"twitter:label1\" content=\"Escrito por\" \/>\n\t<meta name=\"twitter:data1\" content=\"Malen Aierbe\" \/>\n\t<meta name=\"twitter:label2\" content=\"Tiempo de lectura\" \/>\n\t<meta name=\"twitter:data2\" content=\"1 minuto\" \/>\n<script type=\"application\/ld+json\" class=\"yoast-schema-graph\">{\"@context\":\"https:\/\/schema.org\",\"@graph\":[{\"@type\":\"Article\",\"@id\":\"https:\/\/gertuago.eus\/es\/m17-huelga-general\/#article\",\"isPartOf\":{\"@id\":\"https:\/\/gertuago.eus\/es\/m17-huelga-general\/\"},\"author\":{\"name\":\"Malen Aierbe\",\"@id\":\"https:\/\/gertuago.eus\/es\/#\/schema\/person\/c0a58e17c6fbac6c4126ec57993c01b6\"},\"headline\":\"M17 HUELGA GENERAL\",\"datePublished\":\"2026-03-16T18:53:31+00:00\",\"mainEntityOfPage\":{\"@id\":\"https:\/\/gertuago.eus\/es\/m17-huelga-general\/\"},\"wordCount\":93,\"image\":{\"@id\":\"https:\/\/gertuago.eus\/es\/m17-huelga-general\/#primaryimage\"},\"thumbnailUrl\":\"https:\/\/gertuago.eus\/wp-content\/uploads\/2026\/03\/M17_WEB_LAUKIA.jpg\",\"articleSection\":[\"Sin categorizar\"],\"inLanguage\":\"es\"},{\"@type\":\"WebPage\",\"@id\":\"https:\/\/gertuago.eus\/es\/m17-huelga-general\/\",\"url\":\"https:\/\/gertuago.eus\/es\/m17-huelga-general\/\",\"name\":\"M17 HUELGA GENERAL - Gertuago\",\"isPartOf\":{\"@id\":\"https:\/\/gertuago.eus\/es\/#website\"},\"primaryImageOfPage\":{\"@id\":\"https:\/\/gertuago.eus\/es\/m17-huelga-general\/#primaryimage\"},\"image\":{\"@id\":\"https:\/\/gertuago.eus\/es\/m17-huelga-general\/#primaryimage\"},\"thumbnailUrl\":\"https:\/\/gertuago.eus\/wp-content\/uploads\/2026\/03\/M17_WEB_LAUKIA.jpg\",\"datePublished\":\"2026-03-16T18:53:31+00:00\",\"author\":{\"@id\":\"https:\/\/gertuago.eus\/es\/#\/schema\/person\/c0a58e17c6fbac6c4126ec57993c01b6\"},\"breadcrumb\":{\"@id\":\"https:\/\/gertuago.eus\/es\/m17-huelga-general\/#breadcrumb\"},\"inLanguage\":\"es\",\"potentialAction\":[{\"@type\":\"ReadAction\",\"target\":[\"https:\/\/gertuago.eus\/es\/m17-huelga-general\/\"]}]},{\"@type\":\"ImageObject\",\"inLanguage\":\"es\",\"@id\":\"https:\/\/gertuago.eus\/es\/m17-huelga-general\/#primaryimage\",\"url\":\"https:\/\/gertuago.eus\/wp-content\/uploads\/2026\/03\/M17_WEB_LAUKIA.jpg\",\"contentUrl\":\"https:\/\/gertuago.eus\/wp-content\/uploads\/2026\/03\/M17_WEB_LAUKIA.jpg\",\"width\":2480,\"height\":2480},{\"@type\":\"BreadcrumbList\",\"@id\":\"https:\/\/gertuago.eus\/es\/m17-huelga-general\/#breadcrumb\",\"itemListElement\":[{\"@type\":\"ListItem\",\"position\":1,\"name\":\"Home\",\"item\":\"https:\/\/gertuago.eus\/es\/\"},{\"@type\":\"ListItem\",\"position\":2,\"name\":\"M17 HUELGA GENERAL\"}]},{\"@type\":\"WebSite\",\"@id\":\"https:\/\/gertuago.eus\/es\/#website\",\"url\":\"https:\/\/gertuago.eus\/es\/\",\"name\":\"Gertuago\",\"description\":\"Usurbil Merkataritza Bonoak\",\"potentialAction\":[{\"@type\":\"SearchAction\",\"target\":{\"@type\":\"EntryPoint\",\"urlTemplate\":\"https:\/\/gertuago.eus\/es\/?s={search_term_string}\"},\"query-input\":{\"@type\":\"PropertyValueSpecification\",\"valueRequired\":true,\"valueName\":\"search_term_string\"}}],\"inLanguage\":\"es\"},{\"@type\":\"Person\",\"@id\":\"https:\/\/gertuago.eus\/es\/#\/schema\/person\/c0a58e17c6fbac6c4126ec57993c01b6\",\"name\":\"Malen Aierbe\",\"image\":{\"@type\":\"ImageObject\",\"inLanguage\":\"es\",\"@id\":\"https:\/\/gertuago.eus\/es\/#\/schema\/person\/image\/\",\"url\":\"https:\/\/secure.gravatar.com\/avatar\/66b6993cb201aa07a7d5d1dd347bcd8bb22b84c839faafb3b4417b03abb87263?s=96&d=mm&r=g\",\"contentUrl\":\"https:\/\/secure.gravatar.com\/avatar\/66b6993cb201aa07a7d5d1dd347bcd8bb22b84c839faafb3b4417b03abb87263?s=96&d=mm&r=g\",\"caption\":\"Malen Aierbe\"},\"url\":\"https:\/\/gertuago.eus\/es\/author\/malen\/\"}]}<\/script>\n<!-- \/ Yoast SEO plugin. -->","yoast_head_json":{"title":"M17 HUELGA GENERAL - Gertuago","robots":{"index":"index","follow":"follow","max-snippet":"max-snippet:-1","max-image-preview":"max-image-preview:large","max-video-preview":"max-video-preview:-1"},"canonical":"https:\/\/gertuago.eus\/es\/m17-huelga-general\/","og_locale":"es_ES","og_type":"article","og_title":"M17 HUELGA GENERAL - Gertuago","og_description":"Algunos establecimientos de Hurbilago se sumar\u00e1n a la huelga general del 17 de marzo, por lo que sus establecimientos permanecer\u00e1n cerrados durante todo el d\u00eda. La principal reivindicaci\u00f3n de la huelga es el establecimiento de un Salario M\u00ednimo Interprofesional (SMI) propio, con un m\u00ednimo de 1.500 euros. Actualmente, el que hay en el Estado Espa\u00f1ol...","og_url":"https:\/\/gertuago.eus\/es\/m17-huelga-general\/","og_site_name":"Gertuago","article_published_time":"2026-03-16T18:53:31+00:00","og_image":[{"width":1024,"height":1024,"url":"https:\/\/gertuago.eus\/wp-content\/uploads\/2026\/03\/M17_WEB_LAUKIA-1024x1024.jpg","type":"image\/jpeg"}],"author":"Malen Aierbe","twitter_card":"summary_large_image","twitter_misc":{"Escrito por":"Malen Aierbe","Tiempo de lectura":"1 minuto"},"schema":{"@context":"https:\/\/schema.org","@graph":[{"@type":"Article","@id":"https:\/\/gertuago.eus\/es\/m17-huelga-general\/#article","isPartOf":{"@id":"https:\/\/gertuago.eus\/es\/m17-huelga-general\/"},"author":{"name":"Malen Aierbe","@id":"https:\/\/gertuago.eus\/es\/#\/schema\/person\/c0a58e17c6fbac6c4126ec57993c01b6"},"headline":"M17 HUELGA GENERAL","datePublished":"2026-03-16T18:53:31+00:00","mainEntityOfPage":{"@id":"https:\/\/gertuago.eus\/es\/m17-huelga-general\/"},"wordCount":93,"image":{"@id":"https:\/\/gertuago.eus\/es\/m17-huelga-general\/#primaryimage"},"thumbnailUrl":"https:\/\/gertuago.eus\/wp-content\/uploads\/2026\/03\/M17_WEB_LAUKIA.jpg","articleSection":["Sin categorizar"],"inLanguage":"es"},{"@type":"WebPage","@id":"https:\/\/gertuago.eus\/es\/m17-huelga-general\/","url":"https:\/\/gertuago.eus\/es\/m17-huelga-general\/","name":"M17 HUELGA GENERAL - Gertuago","isPartOf":{"@id":"https:\/\/gertuago.eus\/es\/#website"},"primaryImageOfPage":{"@id":"https:\/\/gertuago.eus\/es\/m17-huelga-general\/#primaryimage"},"image":{"@id":"https:\/\/gertuago.eus\/es\/m17-huelga-general\/#primaryimage"},"thumbnailUrl":"https:\/\/gertuago.eus\/wp-content\/uploads\/2026\/03\/M17_WEB_LAUKIA.jpg","datePublished":"2026-03-16T18:53:31+00:00","author":{"@id":"https:\/\/gertuago.eus\/es\/#\/schema\/person\/c0a58e17c6fbac6c4126ec57993c01b6"},"breadcrumb":{"@id":"https:\/\/gertuago.eus\/es\/m17-huelga-general\/#breadcrumb"},"inLanguage":"es","potentialAction":[{"@type":"ReadAction","target":["https:\/\/gertuago.eus\/es\/m17-huelga-general\/"]}]},{"@type":"ImageObject","inLanguage":"es","@id":"https:\/\/gertuago.eus\/es\/m17-huelga-general\/#primaryimage","url":"https:\/\/gertuago.eus\/wp-content\/uploads\/2026\/03\/M17_WEB_LAUKIA.jpg","contentUrl":"https:\/\/gertuago.eus\/wp-content\/uploads\/2026\/03\/M17_WEB_LAUKIA.jpg","width":2480,"height":2480},{"@type":"BreadcrumbList","@id":"https:\/\/gertuago.eus\/es\/m17-huelga-general\/#breadcrumb","itemListElement":[{"@type":"ListItem","position":1,"name":"Home","item":"https:\/\/gertuago.eus\/es\/"},{"@type":"ListItem","position":2,"name":"M17 HUELGA GENERAL"}]},{"@type":"WebSite","@id":"https:\/\/gertuago.eus\/es\/#website","url":"https:\/\/gertuago.eus\/es\/","name":"Gertuago","description":"Usurbil Merkataritza Bonoak","potentialAction":[{"@type":"SearchAction","target":{"@type":"EntryPoint","urlTemplate":"https:\/\/gertuago.eus\/es\/?s={search_term_string}"},"query-input":{"@type":"PropertyValueSpecification","valueRequired":true,"valueName":"search_term_string"}}],"inLanguage":"es"},{"@type":"Person","@id":"https:\/\/gertuago.eus\/es\/#\/schema\/person\/c0a58e17c6fbac6c4126ec57993c01b6","name":"Malen Aierbe","image":{"@type":"ImageObject","inLanguage":"es","@id":"https:\/\/gertuago.eus\/es\/#\/schema\/person\/image\/","url":"https:\/\/secure.gravatar.com\/avatar\/66b6993cb201aa07a7d5d1dd347bcd8bb22b84c839faafb3b4417b03abb87263?s=96&d=mm&r=g","contentUrl":"https:\/\/secure.gravatar.com\/avatar\/66b6993cb201aa07a7d5d1dd347bcd8bb22b84c839faafb3b4417b03abb87263?s=96&d=mm&r=g","caption":"Malen Aierbe"},"url":"https:\/\/gertuago.eus\/es\/author\/malen\/"}]}},"_links":{"self":[{"href":"https:\/\/gertuago.eus\/es\/wp-json\/wp\/v2\/posts\/43740","targetHints":{"allow":["GET"]}}],"collection":[{"href":"https:\/\/gertuago.eus\/es\/wp-json\/wp\/v2\/posts"}],"about":[{"href":"https:\/\/gertuago.eus\/es\/wp-json\/wp\/v2\/types\/post"}],"author":[{"embeddable":true,"href":"https:\/\/gertuago.eus\/es\/wp-json\/wp\/v2\/users\/831"}],"replies":[{"embeddable":true,"href":"https:\/\/gertuago.eus\/es\/wp-json\/wp\/v2\/comments?post=43740"}],"version-history":[{"count":2,"href":"https:\/\/gertuago.eus\/es\/wp-json\/wp\/v2\/posts\/43740\/revisions"}],"predecessor-version":[{"id":43743,"href":"https:\/\/gertuago.eus\/es\/wp-json\/wp\/v2\/posts\/43740\/revisions\/43743"}],"wp:featuredmedia":[{"embeddable":true,"href":"https:\/\/gertuago.eus\/es\/wp-json\/wp\/v2\/media\/43741"}],"wp:attachment":[{"href":"https:\/\/gertuago.eus\/es\/wp-json\/wp\/v2\/media?parent=43740"}],"wp:term":[{"taxonomy":"category","embeddable":true,"href":"https:\/\/gertuago.eus\/es\/wp-json\/wp\/v2\/categories?post=43740"},{"taxonomy":"post_tag","embeddable":true,"href":"https:\/\/gertuago.eus\/es\/wp-json\/wp\/v2\/tags?post=43740"}],"curies":[{"name":"wp","href":"https:\/\/api.w.org\/{rel}","templated":true}]}}