{"id":37512,"date":"2024-12-02T09:17:36","date_gmt":"2024-12-02T08:17:36","guid":{"rendered":"https:\/\/gertuago.eus\/?p=37512"},"modified":"2024-12-04T18:17:50","modified_gmt":"2024-12-04T17:17:50","slug":"650-usurbil-bizi-cesta-de-navidad","status":"publish","type":"post","link":"https:\/\/gertuago.eus\/es\/650-usurbil-bizi-cesta-de-navidad\/","title":{"rendered":"650 Usurbil Bizi &#8211; Cesta de Navidad"},"content":{"rendered":"<p>Las cestas de navidad de <span>650 <\/span>Usurbil Bizi ya est\u00e1n en marcha: desde hoy hasta el 28 de diciembre, las cesta se podr\u00e1n conseguir a trav\u00e9s de las tarjetas para el sorteo obtenidas en las compras que se realicen en algunos comercios de la localidad. Ayer se presentaron las cestas de este a\u00f1o en la Feria Oto\u00f1al de Hurbilago. El sorteo de las cestas se realizar\u00e1 el 28 de diciembre y el 29 de diciembre a las 13:00 se entregar\u00e1n los premios en el front\u00f3n de Usurbil.<\/p>\n<p>650 Usurbil Bizi Otarrak tiene dos objetivos principales: fomentar la difusi\u00f3n de los productores y creadores culturales del pueblo y la compra en los comercios locales. A principios de noviembre de este a\u00f1o se celebr\u00f3 la convocatoria para participar en las cestas y ha tenido una buena respuesta.<br \/>\nEn total, se podr\u00e1n coseguir los trabajos de 30 productores y creadores, y participar\u00e1n 16 tiendas de Hurbilago en el sorteo.<\/p>\n<p>PARTICIPANTES DE LAS CESTAS DEL 2024:<\/p>\n<p><strong>Productores y creadores:<\/strong><br \/>\n<span>\u00b7 <\/span><a href=\"https:\/\/www.instagram.com\/aginagasagardotegia?igsh=eTRyZDF5eWZyMzIy\">Aginaga sagardotegia<\/a><br \/>\n<span>\u00b7 <\/span><a href=\"https:\/\/aialdeberri.eu\/\">Aialde Berri sagardotegia<\/a><br \/>\n<span>\u00b7 <\/span><a href=\"https:\/\/instagram.com\/ameba.taldea\">Ameba<\/a><br \/>\n<span>\u00b7 <\/span><span>Arkaitz Portularrume<\/span><br \/>\n<span>\u00b7 <\/span><span>Arrillaga-Txiki Baserria<\/span><br \/>\n<span>\u00b7 <\/span><span>Arrospide Barazkiak<\/span><br \/>\n<span>\u00b7 <\/span><a href=\"https:\/\/www.basatxerri.eus\/\">Basatxerri<\/a><br \/>\n<span>\u00b7 <\/span><span>Borda Txuri &#8211; Lumagorri<\/span><br \/>\n<span>\u00b7 <\/span><span>Bordatxo esneak<\/span><br \/>\n<span>\u00b7 <\/span><a href=\"https:\/\/www.instagram.com\/eiti_eskulanak\"><span>Eiti<\/span><\/a><br \/>\n<span>\u00b7 <\/span><a href=\"https:\/\/www.elhuyar.eus\/eu\">Elhuyar Fundazioa<\/a><br \/>\n<span>\u00b7 <\/span><a href=\"https:\/\/instagram.com\/inorkinak\">I\u00f1orki\u00f1ak<\/a><br \/>\n<span>\u00b7 <\/span><a href=\"https:\/\/www.instagram.com\/ione.iruretagoiena\">Ione Iruretagoiena<\/a><br \/>\n\u00b7 <a href=\"https:\/\/www.iruinsagardotegia.com\">Iruin Sagardotegia<\/a><br \/>\n<span>\u00b7 <\/span><a href=\"https:\/\/www.instagram.com\/ixabel_agirresarobe\">Ixabel Agirresarobe<\/a><br \/>\n<span>\u00b7 <\/span><span>Jakoba Errekondo<\/span><br \/>\n<span>\u00b7 <\/span><span>Jose Mari Zaldua \u2013 Sari Frutak<\/span><br \/>\n<span>\u00b7 <\/span><a href=\"https:\/\/www.instagram.com\/xuka_eskuz_egina\">Josune Estella<\/a><br \/>\n<span>\u00b7 <\/span><span>Jurgi Fuentes<\/span><br \/>\n<span>\u00b7 <\/span><a href=\"https:\/\/www.maideralzaga.com\/\">Maider Alzaga<\/a><br \/>\n<span>\u00b7 <\/span><a href=\"https:\/\/www.instagram.com\/mihise_taldea\">Mihise<\/a><br \/>\n<span>\u00b7 <\/span><a href=\"https:\/\/noaua.eus\/\">Noaua! Kultur Elkartea<\/a><br \/>\n<span>\u00b7 <\/span><a href=\"https:\/\/www.instagram.com\/odolaren.mintzoa\">Odolaren Mintzoa<\/a><br \/>\n<span>\u00b7 <\/span><a href=\"https:\/\/sleeepymimosa.yupopstore.com\/\">Olatz Zabaleta<\/a><br \/>\n<span>\u00b7 <\/span><span>Osto eta Ale<\/span><br \/>\n<span>\u00b7 <\/span><a href=\"https:\/\/www.instagram.com\/rukulaband\">Rukula<\/a><br \/>\n<span>\u00b7 <\/span><a href=\"https:\/\/www.sidrassaizar.com\/\">Saizar sagardotegia<\/a><br \/>\n<span>\u00b7 <\/span><a href=\"http:\/\/urdairasagardotegia.com\/home\/\">Urdaira sagardotegia<\/a><br \/>\n<span>\u00b7 <\/span><span>Usurbilgo Sagastia<\/span><br \/>\n<span>\u00b7 <\/span><a href=\"https:\/\/www.instagram.com\/viafara_rock\">Viafara<\/a><br \/>\n<span>\u00b7 <\/span><a href=\"https:\/\/www.instagram.com\/zaparrataldea\">Zaparra<\/a><\/p>\n<p><strong>Comercios para obtener las tarjetas:<\/strong><br \/>\n\u00b7 <a href=\"https:\/\/gertuago.eus\/eu\/denda\/ane-ile-apaindegia\/\">Ane ile-apaindegia<\/a><br \/>\n\u00b7 <a href=\"https:\/\/gertuago.eus\/eu\/denda\/aizpurua-okindegia\/\">Aizpurua Okindegia<\/a><br \/>\n\u00b7 <a href=\"https:\/\/gertuago.eus\/eu\/denda\/alkartasuna-usurbilgo-baserritarren-kooperatiba\/\">Alkartasuna Kooperatiba<\/a><br \/>\n\u00b7 <a href=\"https:\/\/gertuago.eus\/eu\/denda\/arruti-harategia\/\">Arruti Harategia<\/a><br \/>\n\u00b7 <a href=\"https:\/\/gertuago.eus\/es\/denda\/artzabal-jatetxea\/\">Artzabal Jatetxea<\/a><br \/>\n\u00b7 <a href=\"https:\/\/gertuago.eus\/es\/denda\/enar-estetika\/\">Enar Estetika<\/a><br \/>\n\u00b7 <a href=\"https:\/\/gertuago.eus\/es\/denda\/esnaola-janari-denda-2\/\">Esnaola Janari-denda<\/a><br \/>\n\u00b7 <a href=\"https:\/\/gertuago.eus\/es\/denda\/n-i-ile-apaindegia\/\">NI ile-apaindegia<\/a><br \/>\n\u00b7 <a href=\"https:\/\/gertuago.eus\/es\/denda\/intza-ile-apaindegia\/\">Intza ile-apaindegia<\/a><br \/>\n\u00b7 <a href=\"https:\/\/gertuago.eus\/es\/denda\/iratze-natur-denda-2\/\">Iratze Naturdenda<\/a><br \/>\n\u00b7 <a href=\"https:\/\/gertuago.eus\/es\/denda\/laurok-liburu-denda-2\/\">Laurok Liburudenda<\/a><br \/>\n\u00b7 <a href=\"https:\/\/gertuago.eus\/es\/denda\/lizardi-liburudenda\/\">Lizardi Liburudenda<\/a><br \/>\n\u00b7 <a href=\"https:\/\/gertuago.eus\/es\/denda\/lurda-mertzeria\/\">Lurda Mertzeria<\/a><br \/>\n\u00b7 <a href=\"https:\/\/gertuago.eus\/es\/denda\/opil-goxo-2\/\">Opilgoxo<\/a><br \/>\n\u00b7 <a href=\"https:\/\/gertuago.eus\/es\/denda\/otar-goxo-2\/\">Otar-Goxo<\/a><br \/>\n\u00b7 <a href=\"https:\/\/gertuago.eus\/es\/denda\/usurbil-optika\/\">Usurbil Optika<\/a><\/p>\n<p><img loading=\"lazy\" decoding=\"async\" class=\"alignnone size-medium wp-image-37639\" src=\"https:\/\/gertuago.eus\/wp-content\/uploads\/2024\/12\/otarra2024_Instagram_1080x1080_02-300x300.jpg\" alt=\"\" width=\"300\" height=\"300\" srcset=\"https:\/\/gertuago.eus\/wp-content\/uploads\/2024\/12\/otarra2024_Instagram_1080x1080_02-300x300.jpg 300w, https:\/\/gertuago.eus\/wp-content\/uploads\/2024\/12\/otarra2024_Instagram_1080x1080_02-1024x1024.jpg 1024w, https:\/\/gertuago.eus\/wp-content\/uploads\/2024\/12\/otarra2024_Instagram_1080x1080_02-150x150.jpg 150w, https:\/\/gertuago.eus\/wp-content\/uploads\/2024\/12\/otarra2024_Instagram_1080x1080_02-600x600.jpg 600w, https:\/\/gertuago.eus\/wp-content\/uploads\/2024\/12\/otarra2024_Instagram_1080x1080_02-100x100.jpg 100w\" sizes=\"auto, (max-width: 300px) 100vw, 300px\" \/><\/p>\n<p><img loading=\"lazy\" decoding=\"async\" class=\"alignnone size-medium wp-image-37685\" src=\"https:\/\/gertuago.eus\/wp-content\/uploads\/2024\/12\/otarra2024_Instagram_1080x1080_03-300x300.jpg\" alt=\"\" width=\"300\" height=\"300\" srcset=\"https:\/\/gertuago.eus\/wp-content\/uploads\/2024\/12\/otarra2024_Instagram_1080x1080_03-300x300.jpg 300w, https:\/\/gertuago.eus\/wp-content\/uploads\/2024\/12\/otarra2024_Instagram_1080x1080_03-1024x1024.jpg 1024w, https:\/\/gertuago.eus\/wp-content\/uploads\/2024\/12\/otarra2024_Instagram_1080x1080_03-150x150.jpg 150w, https:\/\/gertuago.eus\/wp-content\/uploads\/2024\/12\/otarra2024_Instagram_1080x1080_03-600x600.jpg 600w, https:\/\/gertuago.eus\/wp-content\/uploads\/2024\/12\/otarra2024_Instagram_1080x1080_03-100x100.jpg 100w\" sizes=\"auto, (max-width: 300px) 100vw, 300px\" \/><\/p>\n<p><img loading=\"lazy\" decoding=\"async\" class=\"alignnone size-medium wp-image-37504\" src=\"https:\/\/gertuago.eus\/wp-content\/uploads\/2024\/12\/IMG_0198-300x300.jpeg\" alt=\"\" width=\"300\" height=\"300\" srcset=\"https:\/\/gertuago.eus\/wp-content\/uploads\/2024\/12\/IMG_0198-300x300.jpeg 300w, https:\/\/gertuago.eus\/wp-content\/uploads\/2024\/12\/IMG_0198-1024x1024.jpeg 1024w, https:\/\/gertuago.eus\/wp-content\/uploads\/2024\/12\/IMG_0198-150x150.jpeg 150w, https:\/\/gertuago.eus\/wp-content\/uploads\/2024\/12\/IMG_0198-600x600.jpeg 600w, https:\/\/gertuago.eus\/wp-content\/uploads\/2024\/12\/IMG_0198-100x100.jpeg 100w\" sizes=\"auto, (max-width: 300px) 100vw, 300px\" \/><\/p>\n<p>&nbsp;<\/p>\n<p>&nbsp;<\/p>\n","protected":false},"excerpt":{"rendered":"<p>Las cestas de navidad de 650 Usurbil Bizi ya est\u00e1n en marcha: desde hoy hasta el 28 de diciembre, las cesta se podr\u00e1n conseguir a trav\u00e9s de las tarjetas para el sorteo obtenidas en las compras que se realicen en algunos comercios de la localidad. Ayer se presentaron las cestas de este a\u00f1o en la&#8230;<\/p>\n","protected":false},"author":831,"featured_media":37496,"comment_status":"closed","ping_status":"closed","sticky":false,"template":"","format":"standard","meta":{"_acf_changed":false,"footnotes":""},"categories":[22],"tags":[],"class_list":["post-37512","post","type-post","status-publish","format-standard","has-post-thumbnail","hentry","category-sin-categorizar"],"acf":[],"yoast_head":"<!-- This site is optimized with the Yoast SEO plugin v26.7 - https:\/\/yoast.com\/wordpress\/plugins\/seo\/ -->\n<title>650 Usurbil Bizi - Cesta de Navidad - Gertuago<\/title>\n<meta name=\"robots\" content=\"index, follow, max-snippet:-1, max-image-preview:large, max-video-preview:-1\" \/>\n<link rel=\"canonical\" href=\"https:\/\/gertuago.eus\/es\/650-usurbil-bizi-cesta-de-navidad\/\" \/>\n<meta property=\"og:locale\" content=\"es_ES\" \/>\n<meta property=\"og:type\" content=\"article\" \/>\n<meta property=\"og:title\" content=\"650 Usurbil Bizi - Cesta de Navidad - Gertuago\" \/>\n<meta property=\"og:description\" content=\"Las cestas de navidad de 650 Usurbil Bizi ya est\u00e1n en marcha: desde hoy hasta el 28 de diciembre, las cesta se podr\u00e1n conseguir a trav\u00e9s de las tarjetas para el sorteo obtenidas en las compras que se realicen en algunos comercios de la localidad. Ayer se presentaron las cestas de este a\u00f1o en la...\" \/>\n<meta property=\"og:url\" content=\"https:\/\/gertuago.eus\/es\/650-usurbil-bizi-cesta-de-navidad\/\" \/>\n<meta property=\"og:site_name\" content=\"Gertuago\" \/>\n<meta property=\"article:published_time\" content=\"2024-12-02T08:17:36+00:00\" \/>\n<meta property=\"article:modified_time\" content=\"2024-12-04T17:17:50+00:00\" \/>\n<meta property=\"og:image\" content=\"https:\/\/gertuago.eus\/wp-content\/uploads\/2024\/12\/IMG_0195.jpeg\" \/>\n\t<meta property=\"og:image:width\" content=\"2250\" \/>\n\t<meta property=\"og:image:height\" content=\"2250\" \/>\n\t<meta property=\"og:image:type\" content=\"image\/jpeg\" \/>\n<meta name=\"author\" content=\"Malen Aierbe\" \/>\n<meta name=\"twitter:card\" content=\"summary_large_image\" \/>\n<meta name=\"twitter:label1\" content=\"Escrito por\" \/>\n\t<meta name=\"twitter:data1\" content=\"Malen Aierbe\" \/>\n\t<meta name=\"twitter:label2\" content=\"Tiempo de lectura\" \/>\n\t<meta name=\"twitter:data2\" content=\"3 minutos\" \/>\n<script type=\"application\/ld+json\" class=\"yoast-schema-graph\">{\"@context\":\"https:\/\/schema.org\",\"@graph\":[{\"@type\":\"Article\",\"@id\":\"https:\/\/gertuago.eus\/es\/650-usurbil-bizi-cesta-de-navidad\/#article\",\"isPartOf\":{\"@id\":\"https:\/\/gertuago.eus\/es\/650-usurbil-bizi-cesta-de-navidad\/\"},\"author\":{\"name\":\"Malen Aierbe\",\"@id\":\"https:\/\/gertuago.eus\/es\/#\/schema\/person\/c0a58e17c6fbac6c4126ec57993c01b6\"},\"headline\":\"650 Usurbil Bizi &#8211; Cesta de Navidad\",\"datePublished\":\"2024-12-02T08:17:36+00:00\",\"dateModified\":\"2024-12-04T17:17:50+00:00\",\"mainEntityOfPage\":{\"@id\":\"https:\/\/gertuago.eus\/es\/650-usurbil-bizi-cesta-de-navidad\/\"},\"wordCount\":274,\"image\":{\"@id\":\"https:\/\/gertuago.eus\/es\/650-usurbil-bizi-cesta-de-navidad\/#primaryimage\"},\"thumbnailUrl\":\"https:\/\/gertuago.eus\/wp-content\/uploads\/2024\/12\/IMG_0195.jpeg\",\"articleSection\":[\"Sin categorizar\"],\"inLanguage\":\"es\"},{\"@type\":\"WebPage\",\"@id\":\"https:\/\/gertuago.eus\/es\/650-usurbil-bizi-cesta-de-navidad\/\",\"url\":\"https:\/\/gertuago.eus\/es\/650-usurbil-bizi-cesta-de-navidad\/\",\"name\":\"650 Usurbil Bizi - Cesta de Navidad - Gertuago\",\"isPartOf\":{\"@id\":\"https:\/\/gertuago.eus\/es\/#website\"},\"primaryImageOfPage\":{\"@id\":\"https:\/\/gertuago.eus\/es\/650-usurbil-bizi-cesta-de-navidad\/#primaryimage\"},\"image\":{\"@id\":\"https:\/\/gertuago.eus\/es\/650-usurbil-bizi-cesta-de-navidad\/#primaryimage\"},\"thumbnailUrl\":\"https:\/\/gertuago.eus\/wp-content\/uploads\/2024\/12\/IMG_0195.jpeg\",\"datePublished\":\"2024-12-02T08:17:36+00:00\",\"dateModified\":\"2024-12-04T17:17:50+00:00\",\"author\":{\"@id\":\"https:\/\/gertuago.eus\/es\/#\/schema\/person\/c0a58e17c6fbac6c4126ec57993c01b6\"},\"breadcrumb\":{\"@id\":\"https:\/\/gertuago.eus\/es\/650-usurbil-bizi-cesta-de-navidad\/#breadcrumb\"},\"inLanguage\":\"es\",\"potentialAction\":[{\"@type\":\"ReadAction\",\"target\":[\"https:\/\/gertuago.eus\/es\/650-usurbil-bizi-cesta-de-navidad\/\"]}]},{\"@type\":\"ImageObject\",\"inLanguage\":\"es\",\"@id\":\"https:\/\/gertuago.eus\/es\/650-usurbil-bizi-cesta-de-navidad\/#primaryimage\",\"url\":\"https:\/\/gertuago.eus\/wp-content\/uploads\/2024\/12\/IMG_0195.jpeg\",\"contentUrl\":\"https:\/\/gertuago.eus\/wp-content\/uploads\/2024\/12\/IMG_0195.jpeg\",\"width\":2250,\"height\":2250},{\"@type\":\"BreadcrumbList\",\"@id\":\"https:\/\/gertuago.eus\/es\/650-usurbil-bizi-cesta-de-navidad\/#breadcrumb\",\"itemListElement\":[{\"@type\":\"ListItem\",\"position\":1,\"name\":\"Home\",\"item\":\"https:\/\/gertuago.eus\/es\/\"},{\"@type\":\"ListItem\",\"position\":2,\"name\":\"650 Usurbil Bizi &#8211; Cesta de Navidad\"}]},{\"@type\":\"WebSite\",\"@id\":\"https:\/\/gertuago.eus\/es\/#website\",\"url\":\"https:\/\/gertuago.eus\/es\/\",\"name\":\"Gertuago\",\"description\":\"Usurbil Merkataritza Bonoak\",\"potentialAction\":[{\"@type\":\"SearchAction\",\"target\":{\"@type\":\"EntryPoint\",\"urlTemplate\":\"https:\/\/gertuago.eus\/es\/?s={search_term_string}\"},\"query-input\":{\"@type\":\"PropertyValueSpecification\",\"valueRequired\":true,\"valueName\":\"search_term_string\"}}],\"inLanguage\":\"es\"},{\"@type\":\"Person\",\"@id\":\"https:\/\/gertuago.eus\/es\/#\/schema\/person\/c0a58e17c6fbac6c4126ec57993c01b6\",\"name\":\"Malen Aierbe\",\"image\":{\"@type\":\"ImageObject\",\"inLanguage\":\"es\",\"@id\":\"https:\/\/gertuago.eus\/es\/#\/schema\/person\/image\/\",\"url\":\"https:\/\/secure.gravatar.com\/avatar\/66b6993cb201aa07a7d5d1dd347bcd8bb22b84c839faafb3b4417b03abb87263?s=96&d=mm&r=g\",\"contentUrl\":\"https:\/\/secure.gravatar.com\/avatar\/66b6993cb201aa07a7d5d1dd347bcd8bb22b84c839faafb3b4417b03abb87263?s=96&d=mm&r=g\",\"caption\":\"Malen Aierbe\"},\"url\":\"https:\/\/gertuago.eus\/es\/author\/malen\/\"}]}<\/script>\n<!-- \/ Yoast SEO plugin. -->","yoast_head_json":{"title":"650 Usurbil Bizi - Cesta de Navidad - Gertuago","robots":{"index":"index","follow":"follow","max-snippet":"max-snippet:-1","max-image-preview":"max-image-preview:large","max-video-preview":"max-video-preview:-1"},"canonical":"https:\/\/gertuago.eus\/es\/650-usurbil-bizi-cesta-de-navidad\/","og_locale":"es_ES","og_type":"article","og_title":"650 Usurbil Bizi - Cesta de Navidad - Gertuago","og_description":"Las cestas de navidad de 650 Usurbil Bizi ya est\u00e1n en marcha: desde hoy hasta el 28 de diciembre, las cesta se podr\u00e1n conseguir a trav\u00e9s de las tarjetas para el sorteo obtenidas en las compras que se realicen en algunos comercios de la localidad. Ayer se presentaron las cestas de este a\u00f1o en la...","og_url":"https:\/\/gertuago.eus\/es\/650-usurbil-bizi-cesta-de-navidad\/","og_site_name":"Gertuago","article_published_time":"2024-12-02T08:17:36+00:00","article_modified_time":"2024-12-04T17:17:50+00:00","og_image":[{"width":2250,"height":2250,"url":"https:\/\/gertuago.eus\/wp-content\/uploads\/2024\/12\/IMG_0195.jpeg","type":"image\/jpeg"}],"author":"Malen Aierbe","twitter_card":"summary_large_image","twitter_misc":{"Escrito por":"Malen Aierbe","Tiempo de lectura":"3 minutos"},"schema":{"@context":"https:\/\/schema.org","@graph":[{"@type":"Article","@id":"https:\/\/gertuago.eus\/es\/650-usurbil-bizi-cesta-de-navidad\/#article","isPartOf":{"@id":"https:\/\/gertuago.eus\/es\/650-usurbil-bizi-cesta-de-navidad\/"},"author":{"name":"Malen Aierbe","@id":"https:\/\/gertuago.eus\/es\/#\/schema\/person\/c0a58e17c6fbac6c4126ec57993c01b6"},"headline":"650 Usurbil Bizi &#8211; Cesta de Navidad","datePublished":"2024-12-02T08:17:36+00:00","dateModified":"2024-12-04T17:17:50+00:00","mainEntityOfPage":{"@id":"https:\/\/gertuago.eus\/es\/650-usurbil-bizi-cesta-de-navidad\/"},"wordCount":274,"image":{"@id":"https:\/\/gertuago.eus\/es\/650-usurbil-bizi-cesta-de-navidad\/#primaryimage"},"thumbnailUrl":"https:\/\/gertuago.eus\/wp-content\/uploads\/2024\/12\/IMG_0195.jpeg","articleSection":["Sin categorizar"],"inLanguage":"es"},{"@type":"WebPage","@id":"https:\/\/gertuago.eus\/es\/650-usurbil-bizi-cesta-de-navidad\/","url":"https:\/\/gertuago.eus\/es\/650-usurbil-bizi-cesta-de-navidad\/","name":"650 Usurbil Bizi - Cesta de Navidad - Gertuago","isPartOf":{"@id":"https:\/\/gertuago.eus\/es\/#website"},"primaryImageOfPage":{"@id":"https:\/\/gertuago.eus\/es\/650-usurbil-bizi-cesta-de-navidad\/#primaryimage"},"image":{"@id":"https:\/\/gertuago.eus\/es\/650-usurbil-bizi-cesta-de-navidad\/#primaryimage"},"thumbnailUrl":"https:\/\/gertuago.eus\/wp-content\/uploads\/2024\/12\/IMG_0195.jpeg","datePublished":"2024-12-02T08:17:36+00:00","dateModified":"2024-12-04T17:17:50+00:00","author":{"@id":"https:\/\/gertuago.eus\/es\/#\/schema\/person\/c0a58e17c6fbac6c4126ec57993c01b6"},"breadcrumb":{"@id":"https:\/\/gertuago.eus\/es\/650-usurbil-bizi-cesta-de-navidad\/#breadcrumb"},"inLanguage":"es","potentialAction":[{"@type":"ReadAction","target":["https:\/\/gertuago.eus\/es\/650-usurbil-bizi-cesta-de-navidad\/"]}]},{"@type":"ImageObject","inLanguage":"es","@id":"https:\/\/gertuago.eus\/es\/650-usurbil-bizi-cesta-de-navidad\/#primaryimage","url":"https:\/\/gertuago.eus\/wp-content\/uploads\/2024\/12\/IMG_0195.jpeg","contentUrl":"https:\/\/gertuago.eus\/wp-content\/uploads\/2024\/12\/IMG_0195.jpeg","width":2250,"height":2250},{"@type":"BreadcrumbList","@id":"https:\/\/gertuago.eus\/es\/650-usurbil-bizi-cesta-de-navidad\/#breadcrumb","itemListElement":[{"@type":"ListItem","position":1,"name":"Home","item":"https:\/\/gertuago.eus\/es\/"},{"@type":"ListItem","position":2,"name":"650 Usurbil Bizi &#8211; Cesta de Navidad"}]},{"@type":"WebSite","@id":"https:\/\/gertuago.eus\/es\/#website","url":"https:\/\/gertuago.eus\/es\/","name":"Gertuago","description":"Usurbil Merkataritza Bonoak","potentialAction":[{"@type":"SearchAction","target":{"@type":"EntryPoint","urlTemplate":"https:\/\/gertuago.eus\/es\/?s={search_term_string}"},"query-input":{"@type":"PropertyValueSpecification","valueRequired":true,"valueName":"search_term_string"}}],"inLanguage":"es"},{"@type":"Person","@id":"https:\/\/gertuago.eus\/es\/#\/schema\/person\/c0a58e17c6fbac6c4126ec57993c01b6","name":"Malen Aierbe","image":{"@type":"ImageObject","inLanguage":"es","@id":"https:\/\/gertuago.eus\/es\/#\/schema\/person\/image\/","url":"https:\/\/secure.gravatar.com\/avatar\/66b6993cb201aa07a7d5d1dd347bcd8bb22b84c839faafb3b4417b03abb87263?s=96&d=mm&r=g","contentUrl":"https:\/\/secure.gravatar.com\/avatar\/66b6993cb201aa07a7d5d1dd347bcd8bb22b84c839faafb3b4417b03abb87263?s=96&d=mm&r=g","caption":"Malen Aierbe"},"url":"https:\/\/gertuago.eus\/es\/author\/malen\/"}]}},"_links":{"self":[{"href":"https:\/\/gertuago.eus\/es\/wp-json\/wp\/v2\/posts\/37512","targetHints":{"allow":["GET"]}}],"collection":[{"href":"https:\/\/gertuago.eus\/es\/wp-json\/wp\/v2\/posts"}],"about":[{"href":"https:\/\/gertuago.eus\/es\/wp-json\/wp\/v2\/types\/post"}],"author":[{"embeddable":true,"href":"https:\/\/gertuago.eus\/es\/wp-json\/wp\/v2\/users\/831"}],"replies":[{"embeddable":true,"href":"https:\/\/gertuago.eus\/es\/wp-json\/wp\/v2\/comments?post=37512"}],"version-history":[{"count":10,"href":"https:\/\/gertuago.eus\/es\/wp-json\/wp\/v2\/posts\/37512\/revisions"}],"predecessor-version":[{"id":37689,"href":"https:\/\/gertuago.eus\/es\/wp-json\/wp\/v2\/posts\/37512\/revisions\/37689"}],"wp:featuredmedia":[{"embeddable":true,"href":"https:\/\/gertuago.eus\/es\/wp-json\/wp\/v2\/media\/37496"}],"wp:attachment":[{"href":"https:\/\/gertuago.eus\/es\/wp-json\/wp\/v2\/media?parent=37512"}],"wp:term":[{"taxonomy":"category","embeddable":true,"href":"https:\/\/gertuago.eus\/es\/wp-json\/wp\/v2\/categories?post=37512"},{"taxonomy":"post_tag","embeddable":true,"href":"https:\/\/gertuago.eus\/es\/wp-json\/wp\/v2\/tags?post=37512"}],"curies":[{"name":"wp","href":"https:\/\/api.w.org\/{rel}","templated":true}]}}